{"id":18381,"date":"2025-03-17T17:43:47","date_gmt":"2025-03-17T16:43:47","guid":{"rendered":"https:\/\/rafc.cat\/?post_type=noticies&#038;p=18381"},"modified":"2025-03-17T18:12:30","modified_gmt":"2025-03-17T17:12:30","slug":"actualizacion-en-infecciones-viricas-respiratorias-clinica-antivirales-y-vigilancia-virologica","status":"publish","type":"noticies","link":"https:\/\/rafc.cat\/es\/noticias\/actualizacion-en-infecciones-viricas-respiratorias-clinica-antivirales-y-vigilancia-virologica\/","title":{"rendered":"\u201cACTUALIZACI\u00d3N EN INFECCIONES V\u00cdRICAS RESPIRATORIAS: CL\u00cdNICA, ANTIVIRALES Y VIGILANCIA VIROL\u00d2GICA\u201d."},"content":{"rendered":"<p>Mi\u00e9rcoles 12 de marzo de 2025, a las 18:30 h. , tuvo lugar la mesa redonda sobre el tema<\/p>\n<p>\u201cACTUALIZACI\u00d3N EN INFECCIONES V\u00cdRICAS RESPIRATORIAS: CL\u00cdNICA, ANTIVIRALES Y VIGILANCIA VIROL\u00d2GICA\u201d.<\/p>\n<p>Organizada por la Secci\u00f3n IV de la RAFC (Salud P\u00fablica, Alimentaci\u00f3n y Ambiente), fue presentada y moderada por el Prof. Tom\u00e0s Pumarola Su\u00f1\u00e9, Acad\u00e9mico Numerario de la secci\u00f3n IV de la RAFC, de los Laboratorios Cl\u00ednicos Vall de Hebr\u00f3n, Hospital Universitario Vall de Hebr\u00f3n, Instituto Catal\u00e1n de la Salud.<\/p>\n<p>Los ponentes que tomaron parte de la actividad, desarrollaron los tres aspectos de la mesa redonda: CL\u00cdNICA, ANTIVIRALES y VIGILANCIA VIROL\u00d2GICA,<br \/>\nDr. Antoni Soriano Arandes, del Servicio de Pediatr\u00eda, Servicios de Salud Integrados del Baix Empord\u00e0 (SSIBE), Palam\u00f3s, Girona, \u201c<strong><em>Podem construir models cl\u00ednics predictius per diagnosticar infeccions virals respirat\u00f2rie?<\/em><\/strong>\u201d<\/p>\n<p>Dra. Maria Queralt Gorgas Torner, Acad\u00e9mica correspondiente de la secci\u00f3n VI de la RAFC, del Servicio de farmacia. Hospital Universitario Vall de Hebr\u00f3n, Instituto Catal\u00e1n de la Salud. \u00ab<strong><em>Antivirals front la grip i el VRS: tractament actual i perspectives futures<\/em><\/strong>\u00ab.<\/p>\n<p>Dr. Andr\u00e9s Ant\u00f3n Pagarolas, Acad\u00e9mico correspondiendo de la secci\u00f3n IV de la RAFC. Secci\u00f3n de Virolog\u00eda y Biolog\u00eda Molecular, del Servicio de Microbiolog\u00eda, Hospital Universitario Vall de Hebr\u00f3n, Instituto Catal\u00e1n de la Salud. \u00ab<strong><em>Virus respiratoris en constant evoluci\u00f3: per qu\u00e8 la vigil\u00e0ncia \u00e9s essencial?<\/em><\/strong>\u00bb<\/p>\n<p>El acto se pudo seguir en directo por el <a href=\"https:\/\/www.youtube.com\/channel\/UC3qSMpG30V-ps1EL3Inmxjw\">canal YouTube<\/a> de la p\u00e1gina web de la academia y la grabaci\u00f3n se puede encontrar en el apartado de publicaciones de <a href=\"https:\/\/rafc.cat\/publicacions-noticies\/videos\/\">v\u00eddeos de la p\u00e1gina web de la academia.<\/a><\/p>\n","protected":false},"featured_media":18363,"parent":0,"template":"","tipus_de_publicacions":[226],"class_list":["post-18381","noticies","type-noticies","status-publish","has-post-thumbnail","hentry","tipus_de_publicacions-mesas-redondas"],"acf":[],"_links":{"self":[{"href":"https:\/\/rafc.cat\/es\/wp-json\/wp\/v2\/noticies\/18381","targetHints":{"allow":["GET"]}}],"collection":[{"href":"https:\/\/rafc.cat\/es\/wp-json\/wp\/v2\/noticies"}],"about":[{"href":"https:\/\/rafc.cat\/es\/wp-json\/wp\/v2\/types\/noticies"}],"wp:featuredmedia":[{"embeddable":true,"href":"https:\/\/rafc.cat\/es\/wp-json\/wp\/v2\/media\/18363"}],"wp:attachment":[{"href":"https:\/\/rafc.cat\/es\/wp-json\/wp\/v2\/media?parent=18381"}],"wp:term":[{"taxonomy":"tipus_de_publicacions","embeddable":true,"href":"https:\/\/rafc.cat\/es\/wp-json\/wp\/v2\/tipus_de_publicacions?post=18381"}],"curies":[{"name":"wp","href":"https:\/\/api.w.org\/{rel}","templated":true}]}}